{"id":1760,"date":"2011-05-09T12:10:45","date_gmt":"2011-05-09T10:10:45","guid":{"rendered":"http:\/\/www.stiftung-gekko.de\/wp\/?p=1760"},"modified":"2014-04-22T14:34:00","modified_gmt":"2014-04-22T12:34:00","slug":"bauern-sternfahrt-%e2%80%9ewir-haben-es-satt-auf-dem-weg-in-eine-bauerliche-zukunft%e2%80%9c","status":"publish","type":"post","link":"https:\/\/www.stiftung-gekko.de\/wp\/bauern-sternfahrt-%e2%80%9ewir-haben-es-satt-auf-dem-weg-in-eine-bauerliche-zukunft%e2%80%9c\/","title":{"rendered":"Bauern-Sternfahrt \u201eWir haben es satt! Auf dem Weg in eine b\u00e4uerliche Zukunft\u201c (2011)"},"content":{"rendered":"<figure id=\"attachment_1767\" aria-describedby=\"caption-attachment-1767\" style=\"width: 200px\" class=\"wp-caption alignleft\"><img loading=\"lazy\" decoding=\"async\" class=\"size-full wp-image-1767\" title=\"Bauern-Sternfahrt nach Berlin\" src=\"https:\/\/www.stiftung-gekko.de\/wp\/wp-content\/uploads\/2011\/05\/banner_mittrecker_200x200.jpg\" alt=\"\" width=\"200\" height=\"200\" srcset=\"https:\/\/www.stiftung-gekko.de\/wp\/wp-content\/uploads\/2011\/05\/banner_mittrecker_200x200.jpg 200w, https:\/\/www.stiftung-gekko.de\/wp\/wp-content\/uploads\/2011\/05\/banner_mittrecker_200x200-150x150.jpg 150w\" sizes=\"(max-width: 200px) 100vw, 200px\" \/><figcaption id=\"caption-attachment-1767\" class=\"wp-caption-text\"> <\/figcaption><\/figure>\n<p><a href=\"http:\/\/www.abl-ev.de\" target=\"_blank\">AbL e.V.<\/a> und Verein zur F\u00f6rderung einer nachhaltigen Landwirtschaft \u2013 FaNal e.V. || <em>F\u00f6rderung einer Sternfahrt nach Berlin mit anschlie\u00dfender Gro\u00dfkundgebung <\/em>(F\u00f6rderzeitraum: 2011) || Am 22. Januar 2011 fand in Berlin die Gro\u00dfdemonstration \u201cWir haben es satt!\u201d mit rund 25.000 Teilnehmern aus ganz Deutschland statt. Die Demonstration war zugleich der Start der neuen B\u00fcrger-Kampagne \u201eMeine Landwirtschaft\u201c, bei der es um die \u00f6kologische wie soziale Neuorientierung der europ\u00e4ischen Agrarpolitik geht. Im Anschluss an die zentrale Gro\u00dfaktion im Januar wird die Bewegung derzeit in einzelne Regionen hineingetragen bzw. werden die Impulse aus den verschiedenen Regionen in Deutschland, wo Menschen f\u00fcr eine b\u00e4uerliche, gentechnikfreie, tiergerechte, \u00f6kologische und faire Landwirtschaft aktiv sind, aufgegriffen und weiterverbreitet. Die Initiativen werden somit dichter vernetzt und bekommen eine bundesweite mediale Plattform.<\/p>\n<p>Am 28. Mai 2011 haben sich als Teil dieser Protestbewegung junge B\u00e4uerinnen und Bauern der jungen Arbeitsgemeinschaft b\u00e4uerliche Landwirtschaft (jAbL) mit ihren Traktoren in S\u00fcddeutschland (Allg\u00e4u) in Bewegung gesetzt und sind als Teil einer Bauern-Sternfahrt nach Berlin gefahren. Die Sternfahrt verlief \u00fcber Bayern, Baden-W\u00fcrttemberg, Th\u00fcringen, Sachsen, Sachsen-Anhalt und Brandenburg. Hintergrund der Routenwahl: In Bayern und Baden-W\u00fcrttemberg sitzt eine der st\u00e4rksten Bewegungen f\u00fcr b\u00e4uerliche Landwirtschaft, in Ostdeutschland herrscht vermehrt industrielle Landwirtschaft vor. Dort aufkeimendes Engagement f\u00fcr b\u00e4uerliche Landwirtschaft sollte durch den Treck unterst\u00fctzt werden. Auch der internationale und entwicklungspolitische Aspekt kam nicht zu kurz, denn die Sternfahrt besuchte den Evangelischen Kirchentag in Dresden, um dort zusammen mit dem Evangelischen Entwicklungsdienst (eed) eine Veranstaltung zum Thema \u201eFaire M\u00e4rkte\u201c durchzuf\u00fchren.<\/p>\n<p>Die Sternfahrt endete am 9. Juni 2011 vor dem Bundeskanzleramt, um von der Bundesregierung den Einsatz f\u00fcr eine b\u00e4uerliche, faire, tiergerechte und \u00f6kologische Landwirtschaftspolitik einzufordern. Dies geschah u.a. in Form von Videobotschaften, die w\u00e4hrend der 14 Tage eingefangen und dann auf einer Leinwand abgespielt wurden.<\/p>\n<p><a href=\"http:\/\/www.meine-landwirtschaft.de\" target=\"_blank\">&gt;&gt; mehr zur Bauern-Sternfahrt auf www.meine-Landwirtschaft.de<\/a><\/p>\n<p>Kontakt: Annemarie Volling (genechnikfreie-regionen@abl-ev.de)<\/p>\n","protected":false},"excerpt":{"rendered":"<p>AbL e.V. und Verein zur F\u00f6rderung einer nachhaltigen Landwirtschaft \u2013 FaNal e.V. || F\u00f6rderung einer Sternfahrt nach Berlin mit anschlie\u00dfender Gro\u00dfkundgebung (F\u00f6rderzeitraum: 2011) || Am 22. Januar 2011 fand in Berlin die Gro\u00dfdemonstration \u201cWir haben es satt!\u201d mit rund 25.000 Teilnehmern aus ganz Deutschland statt. Die Demonstration war zugleich der Start der neuen B\u00fcrger-Kampagne \u201eMeine [&hellip;]<\/p>\n","protected":false},"author":1,"featured_media":0,"comment_status":"closed","ping_status":"open","sticky":false,"template":"","format":"standard","meta":{"footnotes":""},"categories":[24,23,20],"tags":[],"_links":{"self":[{"href":"https:\/\/www.stiftung-gekko.de\/wp\/wp-json\/wp\/v2\/posts\/1760"}],"collection":[{"href":"https:\/\/www.stiftung-gekko.de\/wp\/wp-json\/wp\/v2\/posts"}],"about":[{"href":"https:\/\/www.stiftung-gekko.de\/wp\/wp-json\/wp\/v2\/types\/post"}],"author":[{"embeddable":true,"href":"https:\/\/www.stiftung-gekko.de\/wp\/wp-json\/wp\/v2\/users\/1"}],"replies":[{"embeddable":true,"href":"https:\/\/www.stiftung-gekko.de\/wp\/wp-json\/wp\/v2\/comments?post=1760"}],"version-history":[{"count":17,"href":"https:\/\/www.stiftung-gekko.de\/wp\/wp-json\/wp\/v2\/posts\/1760\/revisions"}],"predecessor-version":[{"id":3001,"href":"https:\/\/www.stiftung-gekko.de\/wp\/wp-json\/wp\/v2\/posts\/1760\/revisions\/3001"}],"wp:attachment":[{"href":"https:\/\/www.stiftung-gekko.de\/wp\/wp-json\/wp\/v2\/media?parent=1760"}],"wp:term":[{"taxonomy":"category","embeddable":true,"href":"https:\/\/www.stiftung-gekko.de\/wp\/wp-json\/wp\/v2\/categories?post=1760"},{"taxonomy":"post_tag","embeddable":true,"href":"https:\/\/www.stiftung-gekko.de\/wp\/wp-json\/wp\/v2\/tags?post=1760"}],"curies":[{"name":"wp","href":"https:\/\/api.w.org\/{rel}","templated":true}]}}